{"id":809,"date":"2023-02-25T20:36:27","date_gmt":"2023-02-25T20:36:27","guid":{"rendered":"https:\/\/www.karate-jastreb.hr\/wp\/?p=809"},"modified":"2023-02-25T20:36:27","modified_gmt":"2023-02-25T20:36:27","slug":"33-kup-mladosti","status":"publish","type":"post","link":"https:\/\/www.karate-jastreb.hr\/wp\/2023\/02\/25\/33-kup-mladosti\/","title":{"rendered":"33. Kup Mladosti"},"content":{"rendered":"\n<p>Dana 25.02.2023.g. u Ivani\u0107 Gradu u sportskoj dvorani \u017deravinec odr\u017ean je me\u0111unarodni karate turnir \u201e<strong>33. KUP MLADOSTI\u201c<\/strong> na kojem je nastupilo 36 klubova iz 2 dr\u017eave sa 314 natjecatelja.<\/p>\n\n\n<div class=\"wp-block-image\">\n<figure class=\"aligncenter size-large\"><img loading=\"lazy\" decoding=\"async\" width=\"1024\" height=\"768\" src=\"https:\/\/www.karate-jastreb.hr\/wp\/wp-content\/uploads\/2023\/02\/Svi1-1-1024x768.jpg\" alt=\"\" class=\"wp-image-811\" srcset=\"https:\/\/www.karate-jastreb.hr\/wp\/wp-content\/uploads\/2023\/02\/Svi1-1-1024x768.jpg 1024w, https:\/\/www.karate-jastreb.hr\/wp\/wp-content\/uploads\/2023\/02\/Svi1-1-300x225.jpg 300w, https:\/\/www.karate-jastreb.hr\/wp\/wp-content\/uploads\/2023\/02\/Svi1-1-768x576.jpg 768w, https:\/\/www.karate-jastreb.hr\/wp\/wp-content\/uploads\/2023\/02\/Svi1-1.jpg 1200w\" sizes=\"auto, (max-width: 1024px) 100vw, 1024px\" \/><\/figure>\n<\/div>\n\n\n<p>Na ovom natjecanju na\u0161i natjecatelji osvojili su 11 medalja: 2 \u2013 zlata, 5- srebra i 4 \u2013 bronci:<\/p>\n\n\n\n<p><strong>Zlatne medalje osvojili su:<\/strong><\/p>\n\n\n\n<ul class=\"wp-block-list\">\n<li>TOMA SAKOMAN u kategoriji cicibani borbe do 36 kg,\n<ul class=\"wp-block-list\"><\/ul>\n<\/li>\n\n\n\n<li>\u0160IMUN HODAK u kategoriji u\u010denici borbe do 44 kg.<\/li>\n<\/ul>\n\n\n<div class=\"wp-block-image\">\n<figure class=\"aligncenter size-large\"><img loading=\"lazy\" decoding=\"async\" width=\"1024\" height=\"768\" src=\"https:\/\/www.karate-jastreb.hr\/wp\/wp-content\/uploads\/2023\/02\/Toma1-1024x768.jpg\" alt=\"\" class=\"wp-image-813\" srcset=\"https:\/\/www.karate-jastreb.hr\/wp\/wp-content\/uploads\/2023\/02\/Toma1-1024x768.jpg 1024w, https:\/\/www.karate-jastreb.hr\/wp\/wp-content\/uploads\/2023\/02\/Toma1-300x225.jpg 300w, https:\/\/www.karate-jastreb.hr\/wp\/wp-content\/uploads\/2023\/02\/Toma1-768x576.jpg 768w, https:\/\/www.karate-jastreb.hr\/wp\/wp-content\/uploads\/2023\/02\/Toma1.jpg 1200w\" sizes=\"auto, (max-width: 1024px) 100vw, 1024px\" \/><figcaption class=\"wp-element-caption\">Toma Sakoman 1. mjesto<\/figcaption><\/figure>\n<\/div>\n\n<div class=\"wp-block-image\">\n<figure class=\"aligncenter size-large\"><img loading=\"lazy\" decoding=\"async\" width=\"1024\" height=\"768\" src=\"https:\/\/www.karate-jastreb.hr\/wp\/wp-content\/uploads\/2023\/02\/Simun1-1024x768.jpg\" alt=\"\" class=\"wp-image-812\" srcset=\"https:\/\/www.karate-jastreb.hr\/wp\/wp-content\/uploads\/2023\/02\/Simun1-1024x768.jpg 1024w, https:\/\/www.karate-jastreb.hr\/wp\/wp-content\/uploads\/2023\/02\/Simun1-300x225.jpg 300w, https:\/\/www.karate-jastreb.hr\/wp\/wp-content\/uploads\/2023\/02\/Simun1-768x576.jpg 768w, https:\/\/www.karate-jastreb.hr\/wp\/wp-content\/uploads\/2023\/02\/Simun1.jpg 1200w\" sizes=\"auto, (max-width: 1024px) 100vw, 1024px\" \/><figcaption class=\"wp-element-caption\">\u0160imun Hodak 1. mjesto<\/figcaption><\/figure>\n<\/div>\n\n\n<p><strong>Srebrne medalje osvojili su:<\/strong><\/p>\n\n\n\n<ul class=\"wp-block-list\">\n<li>ALISA BAN u kategoriji mla\u0111e u\u010denice borbe do 27 kg,<\/li>\n\n\n\n<li>ANTON JELI\u010cI\u0106 u kategoriji mla\u0111i u\u010denici borbe do 43 kg,<\/li>\n\n\n\n<li>MATEJ GREGORI\u0106 &nbsp;<a>u kategoriji mla\u0111i u\u010denici borbe do 35 kg<\/a>,<\/li>\n\n\n\n<li>ANTONIA BUBANOVI\u0106 u kategoriji u\u010denice borbe preko 43 kg,<\/li>\n\n\n\n<li>ANA VUKSAN u kategoriji ml. kadetkinje borbe preko 64 kg.<\/li>\n<\/ul>\n\n\n<div class=\"wp-block-image\">\n<figure class=\"aligncenter size-large\"><img loading=\"lazy\" decoding=\"async\" width=\"768\" height=\"1024\" src=\"https:\/\/www.karate-jastreb.hr\/wp\/wp-content\/uploads\/2023\/02\/Alisa1-768x1024.jpg\" alt=\"\" class=\"wp-image-814\" srcset=\"https:\/\/www.karate-jastreb.hr\/wp\/wp-content\/uploads\/2023\/02\/Alisa1-768x1024.jpg 768w, https:\/\/www.karate-jastreb.hr\/wp\/wp-content\/uploads\/2023\/02\/Alisa1-225x300.jpg 225w, https:\/\/www.karate-jastreb.hr\/wp\/wp-content\/uploads\/2023\/02\/Alisa1-1152x1536.jpg 1152w, https:\/\/www.karate-jastreb.hr\/wp\/wp-content\/uploads\/2023\/02\/Alisa1.jpg 1200w\" sizes=\"auto, (max-width: 768px) 100vw, 768px\" \/><figcaption class=\"wp-element-caption\">Alisa Ban 2. mjesto<\/figcaption><\/figure>\n<\/div>\n\n<div class=\"wp-block-image\">\n<figure class=\"aligncenter size-large\"><img loading=\"lazy\" decoding=\"async\" width=\"1024\" height=\"768\" src=\"https:\/\/www.karate-jastreb.hr\/wp\/wp-content\/uploads\/2023\/02\/Anton1-1024x768.jpg\" alt=\"\" class=\"wp-image-815\" srcset=\"https:\/\/www.karate-jastreb.hr\/wp\/wp-content\/uploads\/2023\/02\/Anton1-1024x768.jpg 1024w, https:\/\/www.karate-jastreb.hr\/wp\/wp-content\/uploads\/2023\/02\/Anton1-300x225.jpg 300w, https:\/\/www.karate-jastreb.hr\/wp\/wp-content\/uploads\/2023\/02\/Anton1-768x576.jpg 768w, https:\/\/www.karate-jastreb.hr\/wp\/wp-content\/uploads\/2023\/02\/Anton1.jpg 1200w\" sizes=\"auto, (max-width: 1024px) 100vw, 1024px\" \/><figcaption class=\"wp-element-caption\">Anton Jeli\u010di\u0107 2. mjesto<\/figcaption><\/figure>\n<\/div>\n\n<div class=\"wp-block-image\">\n<figure class=\"aligncenter size-large\"><img loading=\"lazy\" decoding=\"async\" width=\"768\" height=\"1024\" src=\"https:\/\/www.karate-jastreb.hr\/wp\/wp-content\/uploads\/2023\/02\/Matej1-768x1024.jpg\" alt=\"\" class=\"wp-image-816\" srcset=\"https:\/\/www.karate-jastreb.hr\/wp\/wp-content\/uploads\/2023\/02\/Matej1-768x1024.jpg 768w, https:\/\/www.karate-jastreb.hr\/wp\/wp-content\/uploads\/2023\/02\/Matej1-225x300.jpg 225w, https:\/\/www.karate-jastreb.hr\/wp\/wp-content\/uploads\/2023\/02\/Matej1-1152x1536.jpg 1152w, https:\/\/www.karate-jastreb.hr\/wp\/wp-content\/uploads\/2023\/02\/Matej1.jpg 1200w\" sizes=\"auto, (max-width: 768px) 100vw, 768px\" \/><figcaption class=\"wp-element-caption\">Matej Gregori\u0107 2. mjesto<\/figcaption><\/figure>\n<\/div>\n\n<div class=\"wp-block-image\">\n<figure class=\"aligncenter size-large\"><img loading=\"lazy\" decoding=\"async\" width=\"768\" height=\"1024\" src=\"https:\/\/www.karate-jastreb.hr\/wp\/wp-content\/uploads\/2023\/02\/Antonia1-768x1024.jpg\" alt=\"\" class=\"wp-image-817\" srcset=\"https:\/\/www.karate-jastreb.hr\/wp\/wp-content\/uploads\/2023\/02\/Antonia1-768x1024.jpg 768w, https:\/\/www.karate-jastreb.hr\/wp\/wp-content\/uploads\/2023\/02\/Antonia1-225x300.jpg 225w, https:\/\/www.karate-jastreb.hr\/wp\/wp-content\/uploads\/2023\/02\/Antonia1-1152x1536.jpg 1152w, https:\/\/www.karate-jastreb.hr\/wp\/wp-content\/uploads\/2023\/02\/Antonia1.jpg 1200w\" sizes=\"auto, (max-width: 768px) 100vw, 768px\" \/><figcaption class=\"wp-element-caption\">Antonia Bubanovi\u0107 2. mjesto<\/figcaption><\/figure>\n<\/div>\n\n\n<figure class=\"wp-block-image size-large\"><img loading=\"lazy\" decoding=\"async\" width=\"1024\" height=\"768\" src=\"https:\/\/www.karate-jastreb.hr\/wp\/wp-content\/uploads\/2023\/02\/Ana1-1024x768.jpg\" alt=\"\" class=\"wp-image-818\" srcset=\"https:\/\/www.karate-jastreb.hr\/wp\/wp-content\/uploads\/2023\/02\/Ana1-1024x768.jpg 1024w, https:\/\/www.karate-jastreb.hr\/wp\/wp-content\/uploads\/2023\/02\/Ana1-300x225.jpg 300w, https:\/\/www.karate-jastreb.hr\/wp\/wp-content\/uploads\/2023\/02\/Ana1-768x576.jpg 768w, https:\/\/www.karate-jastreb.hr\/wp\/wp-content\/uploads\/2023\/02\/Ana1.jpg 1200w\" sizes=\"auto, (max-width: 1024px) 100vw, 1024px\" \/><figcaption class=\"wp-element-caption\">Ana Vuksan 2. mjesto<\/figcaption><\/figure>\n\n\n\n<p><strong>Bron\u010dane medalje osvojili su:<\/strong><\/p>\n\n\n\n<ul class=\"wp-block-list\">\n<li>TENA SPORI\u0160 u kategoriji mla\u0111e u\u010denice borbe do 35 kg,<\/li>\n\n\n\n<li>MAGDALENA BA\u0160I\u0106 u kategoriji mla\u0111e u\u010denice borbe do 35 kg,<\/li>\n\n\n\n<li>IVANO JELI\u010cI\u0106 u kategoriji u\u010denici borbe preko 54 kg,<\/li>\n\n\n\n<li>DOMAGOJ VANCA\u0160 u kategoriji ml. kadeti borbe do 54 kg,<\/li>\n<\/ul>\n\n\n<div class=\"wp-block-image\">\n<figure class=\"aligncenter size-large\"><img loading=\"lazy\" decoding=\"async\" width=\"1024\" height=\"768\" src=\"https:\/\/www.karate-jastreb.hr\/wp\/wp-content\/uploads\/2023\/02\/Tena-i-Magdalena1-1024x768.jpg\" alt=\"\" class=\"wp-image-819\" srcset=\"https:\/\/www.karate-jastreb.hr\/wp\/wp-content\/uploads\/2023\/02\/Tena-i-Magdalena1-1024x768.jpg 1024w, https:\/\/www.karate-jastreb.hr\/wp\/wp-content\/uploads\/2023\/02\/Tena-i-Magdalena1-300x225.jpg 300w, https:\/\/www.karate-jastreb.hr\/wp\/wp-content\/uploads\/2023\/02\/Tena-i-Magdalena1-768x576.jpg 768w, https:\/\/www.karate-jastreb.hr\/wp\/wp-content\/uploads\/2023\/02\/Tena-i-Magdalena1.jpg 1200w\" sizes=\"auto, (max-width: 1024px) 100vw, 1024px\" \/><figcaption class=\"wp-element-caption\">Magdalena Ba\u0161i\u0107 i Tena Spori\u0161 3. mjesto<\/figcaption><\/figure>\n<\/div>\n\n<div class=\"wp-block-image\">\n<figure class=\"aligncenter size-large\"><img loading=\"lazy\" decoding=\"async\" width=\"1024\" height=\"768\" src=\"https:\/\/www.karate-jastreb.hr\/wp\/wp-content\/uploads\/2023\/02\/Ivano1-1024x768.jpg\" alt=\"\" class=\"wp-image-820\" srcset=\"https:\/\/www.karate-jastreb.hr\/wp\/wp-content\/uploads\/2023\/02\/Ivano1-1024x768.jpg 1024w, https:\/\/www.karate-jastreb.hr\/wp\/wp-content\/uploads\/2023\/02\/Ivano1-300x225.jpg 300w, https:\/\/www.karate-jastreb.hr\/wp\/wp-content\/uploads\/2023\/02\/Ivano1-768x576.jpg 768w, https:\/\/www.karate-jastreb.hr\/wp\/wp-content\/uploads\/2023\/02\/Ivano1.jpg 1200w\" sizes=\"auto, (max-width: 1024px) 100vw, 1024px\" \/><figcaption class=\"wp-element-caption\">Ivano Jeli\u010di\u0107 3. mjesto<\/figcaption><\/figure>\n<\/div>\n\n<div class=\"wp-block-image\">\n<figure class=\"aligncenter size-large\"><img loading=\"lazy\" decoding=\"async\" width=\"1024\" height=\"768\" src=\"https:\/\/www.karate-jastreb.hr\/wp\/wp-content\/uploads\/2023\/02\/Domagoj1-1024x768.jpg\" alt=\"\" class=\"wp-image-821\" srcset=\"https:\/\/www.karate-jastreb.hr\/wp\/wp-content\/uploads\/2023\/02\/Domagoj1-1024x768.jpg 1024w, https:\/\/www.karate-jastreb.hr\/wp\/wp-content\/uploads\/2023\/02\/Domagoj1-300x225.jpg 300w, https:\/\/www.karate-jastreb.hr\/wp\/wp-content\/uploads\/2023\/02\/Domagoj1-768x576.jpg 768w, https:\/\/www.karate-jastreb.hr\/wp\/wp-content\/uploads\/2023\/02\/Domagoj1.jpg 1200w\" sizes=\"auto, (max-width: 1024px) 100vw, 1024px\" \/><figcaption class=\"wp-element-caption\">Domagoj Vanca\u0161 3. mjesto<\/figcaption><\/figure>\n<\/div>\n\n\n<p>Jo\u0161 je u kategoriji borbe u\u010denici do 35 kg nastupio Lovro Grabrove\u010dki.&nbsp;&nbsp;&nbsp;<\/p>\n","protected":false},"excerpt":{"rendered":"<p>Dana 25.02.2023.g. u Ivani\u0107 Gradu u sportskoj dvorani \u017deravinec odr\u017ean je me\u0111unarodni karate turnir \u201e33. KUP MLADOSTI\u201c na kojem je[&#8230;]<\/p>\n","protected":false},"author":2,"featured_media":0,"comment_status":"closed","ping_status":"closed","sticky":false,"template":"","format":"standard","meta":{"footnotes":""},"categories":[3],"tags":[],"class_list":["post-809","post","type-post","status-publish","format-standard","hentry","category-vijesti"],"_links":{"self":[{"href":"https:\/\/www.karate-jastreb.hr\/wp\/wp-json\/wp\/v2\/posts\/809","targetHints":{"allow":["GET"]}}],"collection":[{"href":"https:\/\/www.karate-jastreb.hr\/wp\/wp-json\/wp\/v2\/posts"}],"about":[{"href":"https:\/\/www.karate-jastreb.hr\/wp\/wp-json\/wp\/v2\/types\/post"}],"author":[{"embeddable":true,"href":"https:\/\/www.karate-jastreb.hr\/wp\/wp-json\/wp\/v2\/users\/2"}],"replies":[{"embeddable":true,"href":"https:\/\/www.karate-jastreb.hr\/wp\/wp-json\/wp\/v2\/comments?post=809"}],"version-history":[{"count":1,"href":"https:\/\/www.karate-jastreb.hr\/wp\/wp-json\/wp\/v2\/posts\/809\/revisions"}],"predecessor-version":[{"id":822,"href":"https:\/\/www.karate-jastreb.hr\/wp\/wp-json\/wp\/v2\/posts\/809\/revisions\/822"}],"wp:attachment":[{"href":"https:\/\/www.karate-jastreb.hr\/wp\/wp-json\/wp\/v2\/media?parent=809"}],"wp:term":[{"taxonomy":"category","embeddable":true,"href":"https:\/\/www.karate-jastreb.hr\/wp\/wp-json\/wp\/v2\/categories?post=809"},{"taxonomy":"post_tag","embeddable":true,"href":"https:\/\/www.karate-jastreb.hr\/wp\/wp-json\/wp\/v2\/tags?post=809"}],"curies":[{"name":"wp","href":"https:\/\/api.w.org\/{rel}","templated":true}]}}