{"id":76,"date":"2018-05-20T16:22:15","date_gmt":"2018-05-20T16:22:15","guid":{"rendered":"http:\/\/www.karate-jastreb.hr\/wp\/?p=76"},"modified":"2018-05-21T16:43:04","modified_gmt":"2018-05-21T16:43:04","slug":"karate-prvenstvo-zagrebacke-zupanije","status":"publish","type":"post","link":"https:\/\/www.karate-jastreb.hr\/wp\/2018\/05\/20\/karate-prvenstvo-zagrebacke-zupanije\/","title":{"rendered":"KARATE PRVENSTVO ZAGREBA\u010cKE \u017dUPANIJE"},"content":{"rendered":"<p>KARATE PRVENSTVO ZAGREBA\u010cKE \u017dUPANIJE<\/p>\n<p>Dana 20.5.2018.g. u sportskoj dvorani Srednje \u0161kole Jastrebarsko odr\u017eano je Karate prvenstvo Zagreba\u010dke \u017eupanije na kojem je nastupilo oko 240 natjecatelja.<\/p>\n<figure id=\"attachment_77\" aria-describedby=\"caption-attachment-77\" style=\"width: 1018px\" class=\"wp-caption aligncenter\"><img loading=\"lazy\" decoding=\"async\" class=\"wp-image-77 size-full\" src=\"http:\/\/www.karate-jastreb.hr\/wp\/wp-content\/uploads\/2018\/05\/Jastreb1.jpg\" alt=\"\" width=\"1018\" height=\"516\" srcset=\"https:\/\/www.karate-jastreb.hr\/wp\/wp-content\/uploads\/2018\/05\/Jastreb1.jpg 1018w, https:\/\/www.karate-jastreb.hr\/wp\/wp-content\/uploads\/2018\/05\/Jastreb1-300x152.jpg 300w, https:\/\/www.karate-jastreb.hr\/wp\/wp-content\/uploads\/2018\/05\/Jastreb1-768x389.jpg 768w\" sizes=\"auto, (max-width: 1018px) 100vw, 1018px\" \/><figcaption id=\"caption-attachment-77\" class=\"wp-caption-text\"><strong>Natjecatelji<\/strong><\/figcaption><\/figure>\n<p>Dobrodo\u0161licu, prigodni govor i samo otvaranje odr\u017eao je zamjenik gradona\u010delnika Grada Jastrebarsko i predsjednik \u0160portske zajednice Grada Jastrebarsko gosp. Domagoj \u0160lat uz prisustvo tajnika \u0160ZGJ gosp. Marka Gvozdanovi\u0107a.<\/p>\n<figure id=\"attachment_81\" aria-describedby=\"caption-attachment-81\" style=\"width: 840px\" class=\"wp-caption aligncenter\"><img loading=\"lazy\" decoding=\"async\" class=\"wp-image-81 size-large\" src=\"http:\/\/www.karate-jastreb.hr\/wp\/wp-content\/uploads\/2018\/05\/Jastreb9-959x1024.jpg\" alt=\"\" width=\"840\" height=\"897\" srcset=\"https:\/\/www.karate-jastreb.hr\/wp\/wp-content\/uploads\/2018\/05\/Jastreb9-959x1024.jpg 959w, https:\/\/www.karate-jastreb.hr\/wp\/wp-content\/uploads\/2018\/05\/Jastreb9-281x300.jpg 281w, https:\/\/www.karate-jastreb.hr\/wp\/wp-content\/uploads\/2018\/05\/Jastreb9-768x820.jpg 768w\" sizes=\"auto, (max-width: 840px) 100vw, 840px\" \/><figcaption id=\"caption-attachment-81\" class=\"wp-caption-text\"><strong>Domagoj \u0160lat<\/strong><\/figcaption><\/figure>\n<p>Prije samog otvaranja himnu na saksofonu izvela je Veronika Hodak \u010dlanica Karate kluba \u201eJastreb\u201c i u\u010denica 2 razreda Glazbene \u0161kole Jastrebarsko, a koja je ove godine na dr\u017eavnom natjecanju 56. HDGPP u disciplini saksofon u prvoj kategoriji osvojila prvu nagradu.<\/p>\n<figure id=\"attachment_79\" aria-describedby=\"caption-attachment-79\" style=\"width: 840px\" class=\"wp-caption aligncenter\"><img loading=\"lazy\" decoding=\"async\" class=\"wp-image-79 size-large\" src=\"http:\/\/www.karate-jastreb.hr\/wp\/wp-content\/uploads\/2018\/05\/Jastreb6-1024x798.jpg\" alt=\"\" width=\"840\" height=\"655\" srcset=\"https:\/\/www.karate-jastreb.hr\/wp\/wp-content\/uploads\/2018\/05\/Jastreb6-1024x798.jpg 1024w, https:\/\/www.karate-jastreb.hr\/wp\/wp-content\/uploads\/2018\/05\/Jastreb6-300x234.jpg 300w, https:\/\/www.karate-jastreb.hr\/wp\/wp-content\/uploads\/2018\/05\/Jastreb6-768x599.jpg 768w, https:\/\/www.karate-jastreb.hr\/wp\/wp-content\/uploads\/2018\/05\/Jastreb6.jpg 1892w\" sizes=\"auto, (max-width: 840px) 100vw, 840px\" \/><figcaption id=\"caption-attachment-79\" class=\"wp-caption-text\"><strong>\u00a0 Veronika Hodak<\/strong><\/figcaption><\/figure>\n<p>Karate klub \u201eJastreb\u201c na ovom prvenstvu osvojio je ukupno 32 medalje, i to: 12 &#8211; zlatnih, 11 \u2013 srebrnih i\u00a09 \u2013 bron\u010danih.<\/p>\n<p>1. Mjesto i\u00a0zlatne medalje osvojili su:<\/p>\n<ul>\n<li>\u0160imun Hodak \u2013 u katama natjecatelji do 6 god.,<\/li>\n<li>Ivano Vulje \u2013 u katama \u2013 mla\u0111i u\u010denici do 8 god.,<\/li>\n<li>Leona Spori\u0161- u borbama \u2013 mla\u0111e u\u010denice preko 36 kg,<\/li>\n<li>Pavao Ciban \u2013 u borbama \u2013 u\u010denci do 46 kg,<\/li>\n<li>Helena Ba\u0161i\u0107 \u2013 u borbama \u2013 u\u010denice do 36 kg,<\/li>\n<li>Ella Bjelanovi\u0107 u borbama \u2013 mla\u0111e kadetkinje \u2013 borbe do 50 kg,<\/li>\n<li>Marko Kova\u010devi\u0107 \u2013 u borbama \u2013 mla\u0111i kadeti preko 57 kg,<\/li>\n<li>Stipe Rukavina \u2013 u borbama \u2013 kadeti do 52 kg,<\/li>\n<li>Lucija Hodak \u2013 u borbama \u2013 kadetkinje preko 54 kg i u borbama juniorke preko 59 kg,<\/li>\n<li>Karlo Volari\u0107 \u2013 u borbama kadeti do 70 kg,<\/li>\n<li>Arian Do\u0161en-Ivano Vulje-\u0160imun Hodak \u2013 mla\u0111i u\u010denici kate ekipno.<b><\/b><\/li>\n<\/ul>\n<figure id=\"attachment_78\" aria-describedby=\"caption-attachment-78\" style=\"width: 529px\" class=\"wp-caption aligncenter\"><img loading=\"lazy\" decoding=\"async\" class=\"wp-image-78 size-large\" src=\"http:\/\/www.karate-jastreb.hr\/wp\/wp-content\/uploads\/2018\/05\/Jastreb2-529x1024.jpg\" alt=\"\" width=\"529\" height=\"1024\" srcset=\"https:\/\/www.karate-jastreb.hr\/wp\/wp-content\/uploads\/2018\/05\/Jastreb2-529x1024.jpg 529w, https:\/\/www.karate-jastreb.hr\/wp\/wp-content\/uploads\/2018\/05\/Jastreb2-155x300.jpg 155w, https:\/\/www.karate-jastreb.hr\/wp\/wp-content\/uploads\/2018\/05\/Jastreb2-768x1487.jpg 768w, https:\/\/www.karate-jastreb.hr\/wp\/wp-content\/uploads\/2018\/05\/Jastreb2.jpg 1434w\" sizes=\"auto, (max-width: 529px) 100vw, 529px\" \/><figcaption id=\"caption-attachment-78\" class=\"wp-caption-text\">\u0160imun-Ivano-Arian<\/figcaption><\/figure>\n<p>2. Mjesto i\u00a0srebrne medalje osvojili su:<\/p>\n<ul>\n<li>\u0160imun Hodak \u2013 u katama natjecatelji do 7 god,,<\/li>\n<li>Ivano Vulje \u2013 u borbama \u2013 mla\u0111i u\u010denici do 26 kg,<\/li>\n<li>Emil Tutek \u2013 u borbama \u2013 u\u010denici do 34 kg,<\/li>\n<li>Sebastijan Ban \u2013 u borbama \u2013 u\u010denici do 38 kg.,<\/li>\n<li>Jakov Kupina \u2013 u borbama \u2013 mla\u0111i kadeti do 48 kg,<\/li>\n<li>Magdalena Hodak \u2013 u borbama \u2013 mla\u0111e kadetkinje do 45 kg,<\/li>\n<li>Helena Ba\u0161i\u0107 \u2013 u borbama \u2013 mla\u0111e kadetkinje do 40 kg,<\/li>\n<li>Matej Braje \u2013 u borbama \u2013 juniori do 61 kg.,<\/li>\n<li>Luka Vu\u010dini\u0107 \u2013u borbama \u2013 juniori do 68 kg.,<\/li>\n<li>Ema Benceti\u0107-Helena Ba\u0161i\u0107-Veronika Hodak \u2013 u\u010denice kate ekipno,<\/li>\n<li>Marko Kova\u010devi\u0107-Jakov Kupina-Stipe Rukavina \u2013 mla\u0111i kadeti kate ekipno.<\/li>\n<\/ul>\n<p>3. Mjesto i bron\u010dane medalje osvojili su:<\/p>\n<ul>\n<li>Ivano Male\u0161i\u0107 \u2013 u katama natjecatelji do 7 god.,<\/li>\n<li>Josip Prgomet- u borbama \u2013 mla\u0111i u\u010denici borbe preko 36 kg,<\/li>\n<li>Luka Repar \u2013 u borbama \u2013 u\u010denici do 30 kg,<\/li>\n<li>Veronika Hodak \u2013 u borbama \u2013 u\u010denice do 40 kg,<\/li>\n<li>Leona Spori\u0161 \u2013 u borbama \u2013 u\u010denice do 40 kg,<\/li>\n<li>Ema Benceti\u0107 \u2013 u borbama \u2013 u\u010denice preko 44 kg.,<\/li>\n<li>Leon Marin\u010di\u0107 \u2013 u borbama mla\u0111i kadeti do 41 kg,<\/li>\n<li>Mi\u0161el Pa\u0111an \u2013 u borbama \u2013 mla\u0111i kadeti do 48 kg,<\/li>\n<li>Karlo Volari\u0107 \u2013 u borbama juniori do 76 kg.\u00a0\u00a0\u00a0\u00a0\u00a0\u00a0\u00a0\u00a0\u00a0\u00a0\u00a0\u00a0\u00a0 Jo\u0161 je u kategoriji kate natjecateljke do 7 godina nastupila Mia Benceti\u0107, kate u\u010denici do 9 godina nastupio je Arian do\u0161en, dok je u kategoriji borbe mla\u0111i u\u010denici preko 36 kg nastupio Luka Domagoj \u017debec i u kategoriji u\u010denici borbe do 34 kg Andrej Pozderac.<\/li>\n<\/ul>\n<figure id=\"attachment_80\" aria-describedby=\"caption-attachment-80\" style=\"width: 840px\" class=\"wp-caption aligncenter\"><img loading=\"lazy\" decoding=\"async\" class=\"wp-image-80 size-large\" src=\"http:\/\/www.karate-jastreb.hr\/wp\/wp-content\/uploads\/2018\/05\/Jastreb5-1024x917.jpg\" alt=\"\" width=\"840\" height=\"752\" srcset=\"https:\/\/www.karate-jastreb.hr\/wp\/wp-content\/uploads\/2018\/05\/Jastreb5-1024x917.jpg 1024w, https:\/\/www.karate-jastreb.hr\/wp\/wp-content\/uploads\/2018\/05\/Jastreb5-300x269.jpg 300w, https:\/\/www.karate-jastreb.hr\/wp\/wp-content\/uploads\/2018\/05\/Jastreb5-768x688.jpg 768w\" sizes=\"auto, (max-width: 840px) 100vw, 840px\" \/><figcaption id=\"caption-attachment-80\" class=\"wp-caption-text\"><strong>Karlo Volari\u0107<\/strong><\/figcaption><\/figure>\n<ul>\n<li>\n<figure id=\"attachment_82\" aria-describedby=\"caption-attachment-82\" style=\"width: 840px\" class=\"wp-caption aligncenter\"><img loading=\"lazy\" decoding=\"async\" class=\"wp-image-82 size-large\" src=\"http:\/\/www.karate-jastreb.hr\/wp\/wp-content\/uploads\/2018\/05\/Jastreb10-1024x977.jpg\" alt=\"\" width=\"840\" height=\"801\" srcset=\"https:\/\/www.karate-jastreb.hr\/wp\/wp-content\/uploads\/2018\/05\/Jastreb10-1024x977.jpg 1024w, https:\/\/www.karate-jastreb.hr\/wp\/wp-content\/uploads\/2018\/05\/Jastreb10-300x286.jpg 300w, https:\/\/www.karate-jastreb.hr\/wp\/wp-content\/uploads\/2018\/05\/Jastreb10-768x732.jpg 768w\" sizes=\"auto, (max-width: 840px) 100vw, 840px\" \/><figcaption id=\"caption-attachment-82\" class=\"wp-caption-text\"><strong>Ella Bjelanovi\u0107<\/strong><\/figcaption><\/figure>\n<figure id=\"attachment_83\" aria-describedby=\"caption-attachment-83\" style=\"width: 840px\" class=\"wp-caption aligncenter\"><img loading=\"lazy\" decoding=\"async\" class=\"wp-image-83 size-large\" src=\"http:\/\/www.karate-jastreb.hr\/wp\/wp-content\/uploads\/2018\/05\/Jastreb4-1024x899.jpg\" alt=\"\" width=\"840\" height=\"737\" srcset=\"https:\/\/www.karate-jastreb.hr\/wp\/wp-content\/uploads\/2018\/05\/Jastreb4-1024x899.jpg 1024w, https:\/\/www.karate-jastreb.hr\/wp\/wp-content\/uploads\/2018\/05\/Jastreb4-300x263.jpg 300w, https:\/\/www.karate-jastreb.hr\/wp\/wp-content\/uploads\/2018\/05\/Jastreb4-768x674.jpg 768w\" sizes=\"auto, (max-width: 840px) 100vw, 840px\" \/><figcaption id=\"caption-attachment-83\" class=\"wp-caption-text\"><strong>\u00a0\u00a0\u00a0\u00a0 Lucija Hodak<\/strong><\/figcaption><\/figure>\n<p><figure id=\"attachment_84\" aria-describedby=\"caption-attachment-84\" style=\"width: 840px\" class=\"wp-caption aligncenter\"><img loading=\"lazy\" decoding=\"async\" class=\"wp-image-84 size-large\" src=\"http:\/\/www.karate-jastreb.hr\/wp\/wp-content\/uploads\/2018\/05\/Jastreb7-1024x776.jpg\" alt=\"\" width=\"840\" height=\"637\" srcset=\"https:\/\/www.karate-jastreb.hr\/wp\/wp-content\/uploads\/2018\/05\/Jastreb7-1024x776.jpg 1024w, https:\/\/www.karate-jastreb.hr\/wp\/wp-content\/uploads\/2018\/05\/Jastreb7-300x227.jpg 300w, https:\/\/www.karate-jastreb.hr\/wp\/wp-content\/uploads\/2018\/05\/Jastreb7-768x582.jpg 768w\" sizes=\"auto, (max-width: 840px) 100vw, 840px\" \/><figcaption id=\"caption-attachment-84\" class=\"wp-caption-text\"><strong>\u00a0Ivano Vulje<\/strong><\/figcaption><\/figure><\/li>\n<\/ul>\n<p>&nbsp;<\/p>\n","protected":false},"excerpt":{"rendered":"<p>KARATE PRVENSTVO ZAGREBA\u010cKE \u017dUPANIJE Dana 20.5.2018.g. u sportskoj dvorani Srednje \u0161kole Jastrebarsko odr\u017eano je Karate prvenstvo Zagreba\u010dke \u017eupanije na kojem[&#8230;]<\/p>\n","protected":false},"author":2,"featured_media":0,"comment_status":"closed","ping_status":"closed","sticky":false,"template":"","format":"standard","meta":{"footnotes":""},"categories":[3],"tags":[5,8,10],"class_list":["post-76","post","type-post","status-publish","format-standard","hentry","category-vijesti","tag-karate","tag-prvenstvo","tag-zagrebacke-zupanije"],"_links":{"self":[{"href":"https:\/\/www.karate-jastreb.hr\/wp\/wp-json\/wp\/v2\/posts\/76","targetHints":{"allow":["GET"]}}],"collection":[{"href":"https:\/\/www.karate-jastreb.hr\/wp\/wp-json\/wp\/v2\/posts"}],"about":[{"href":"https:\/\/www.karate-jastreb.hr\/wp\/wp-json\/wp\/v2\/types\/post"}],"author":[{"embeddable":true,"href":"https:\/\/www.karate-jastreb.hr\/wp\/wp-json\/wp\/v2\/users\/2"}],"replies":[{"embeddable":true,"href":"https:\/\/www.karate-jastreb.hr\/wp\/wp-json\/wp\/v2\/comments?post=76"}],"version-history":[{"count":4,"href":"https:\/\/www.karate-jastreb.hr\/wp\/wp-json\/wp\/v2\/posts\/76\/revisions"}],"predecessor-version":[{"id":88,"href":"https:\/\/www.karate-jastreb.hr\/wp\/wp-json\/wp\/v2\/posts\/76\/revisions\/88"}],"wp:attachment":[{"href":"https:\/\/www.karate-jastreb.hr\/wp\/wp-json\/wp\/v2\/media?parent=76"}],"wp:term":[{"taxonomy":"category","embeddable":true,"href":"https:\/\/www.karate-jastreb.hr\/wp\/wp-json\/wp\/v2\/categories?post=76"},{"taxonomy":"post_tag","embeddable":true,"href":"https:\/\/www.karate-jastreb.hr\/wp\/wp-json\/wp\/v2\/tags?post=76"}],"curies":[{"name":"wp","href":"https:\/\/api.w.org\/{rel}","templated":true}]}}